{"id":996,"date":"2014-11-11T20:29:03","date_gmt":"2014-11-11T19:29:03","guid":{"rendered":"http:\/\/grfsletten.dk\/?p=996"},"modified":"2014-11-11T20:29:03","modified_gmt":"2014-11-11T19:29:03","slug":"november-2014","status":"publish","type":"post","link":"http:\/\/grfsletten.dk\/?p=996","title":{"rendered":"November 2014"},"content":{"rendered":"<p>D. 22\/10-2014 blev vores f\u00e6lles antenne nedlagt.<\/p>\n<p>Tak for hj\u00e6lpen til Claus S\u00f8rensen &amp; Jan Andreasson p\u00e5 selve dagen til hj\u00e6lp med alt det praktiske.<\/p>\n<p>Se billederne<\/p>\n<p>Mvh<\/p>\n<p>Bestyrelsen<a href=\"http:\/\/grfsletten.dk\/wp-content\/uploads\/2014\/11\/skur-001.jpg\"><img loading=\"lazy\" decoding=\"async\" class=\"alignright size-full wp-image-997\" alt=\"x_skur 001\" src=\"http:\/\/grfsletten.dk\/wp-content\/uploads\/2014\/11\/skur-001.jpg\" width=\"4320\" height=\"3240\" srcset=\"http:\/\/grfsletten.dk\/wp-content\/uploads\/2014\/11\/skur-001.jpg 4320w, http:\/\/grfsletten.dk\/wp-content\/uploads\/2014\/11\/skur-001-300x225.jpg 300w, http:\/\/grfsletten.dk\/wp-content\/uploads\/2014\/11\/skur-001-1024x768.jpg 1024w\" sizes=\"auto, (max-width: 4320px) 100vw, 4320px\" \/><\/a> <a href=\"http:\/\/grfsletten.dk\/wp-content\/uploads\/2014\/11\/Sommerferie-2014-092.jpg\"><img loading=\"lazy\" decoding=\"async\" class=\"alignright size-full wp-image-1002\" alt=\"Sommerferie 2014 092\" src=\"http:\/\/grfsletten.dk\/wp-content\/uploads\/2014\/11\/Sommerferie-2014-092.jpg\" width=\"4320\" height=\"3240\" srcset=\"http:\/\/grfsletten.dk\/wp-content\/uploads\/2014\/11\/Sommerferie-2014-092.jpg 4320w, http:\/\/grfsletten.dk\/wp-content\/uploads\/2014\/11\/Sommerferie-2014-092-300x225.jpg 300w, http:\/\/grfsletten.dk\/wp-content\/uploads\/2014\/11\/Sommerferie-2014-092-1024x768.jpg 1024w\" sizes=\"auto, (max-width: 4320px) 100vw, 4320px\" \/><\/a> <a href=\"http:\/\/grfsletten.dk\/wp-content\/uploads\/2014\/11\/Sommerferie-2014-091.jpg\"><img loading=\"lazy\" decoding=\"async\" class=\"alignright size-full wp-image-1001\" alt=\"Sommerferie 2014 091\" src=\"http:\/\/grfsletten.dk\/wp-content\/uploads\/2014\/11\/Sommerferie-2014-091.jpg\" width=\"3240\" height=\"4320\" srcset=\"http:\/\/grfsletten.dk\/wp-content\/uploads\/2014\/11\/Sommerferie-2014-091.jpg 3240w, http:\/\/grfsletten.dk\/wp-content\/uploads\/2014\/11\/Sommerferie-2014-091-225x300.jpg 225w, http:\/\/grfsletten.dk\/wp-content\/uploads\/2014\/11\/Sommerferie-2014-091-768x1024.jpg 768w\" sizes=\"auto, (max-width: 3240px) 100vw, 3240px\" \/><\/a> <a href=\"http:\/\/grfsletten.dk\/wp-content\/uploads\/2014\/11\/Sommerferie-2014-090.jpg\"><img loading=\"lazy\" decoding=\"async\" class=\"alignright size-full wp-image-1000\" alt=\"Sommerferie 2014 090\" src=\"http:\/\/grfsletten.dk\/wp-content\/uploads\/2014\/11\/Sommerferie-2014-090.jpg\" width=\"4320\" height=\"3240\" srcset=\"http:\/\/grfsletten.dk\/wp-content\/uploads\/2014\/11\/Sommerferie-2014-090.jpg 4320w, http:\/\/grfsletten.dk\/wp-content\/uploads\/2014\/11\/Sommerferie-2014-090-300x225.jpg 300w, http:\/\/grfsletten.dk\/wp-content\/uploads\/2014\/11\/Sommerferie-2014-090-1024x768.jpg 1024w\" sizes=\"auto, (max-width: 4320px) 100vw, 4320px\" \/><\/a> <a href=\"http:\/\/grfsletten.dk\/wp-content\/uploads\/2014\/11\/Sommerferie-2014-089.jpg\"><img loading=\"lazy\" decoding=\"async\" class=\"alignright size-full wp-image-999\" alt=\"Sommerferie 2014 089\" src=\"http:\/\/grfsletten.dk\/wp-content\/uploads\/2014\/11\/Sommerferie-2014-089.jpg\" width=\"3240\" height=\"4320\" srcset=\"http:\/\/grfsletten.dk\/wp-content\/uploads\/2014\/11\/Sommerferie-2014-089.jpg 3240w, http:\/\/grfsletten.dk\/wp-content\/uploads\/2014\/11\/Sommerferie-2014-089-225x300.jpg 225w, http:\/\/grfsletten.dk\/wp-content\/uploads\/2014\/11\/Sommerferie-2014-089-768x1024.jpg 768w\" sizes=\"auto, (max-width: 3240px) 100vw, 3240px\" \/><\/a> <a href=\"http:\/\/grfsletten.dk\/wp-content\/uploads\/2014\/11\/Sommerferie-2014-088.jpg\"><img loading=\"lazy\" decoding=\"async\" class=\"alignright size-full wp-image-998\" alt=\"Sommerferie 2014 088\" src=\"http:\/\/grfsletten.dk\/wp-content\/uploads\/2014\/11\/Sommerferie-2014-088.jpg\" width=\"3240\" height=\"4320\" srcset=\"http:\/\/grfsletten.dk\/wp-content\/uploads\/2014\/11\/Sommerferie-2014-088.jpg 3240w, http:\/\/grfsletten.dk\/wp-content\/uploads\/2014\/11\/Sommerferie-2014-088-225x300.jpg 225w, http:\/\/grfsletten.dk\/wp-content\/uploads\/2014\/11\/Sommerferie-2014-088-768x1024.jpg 768w\" sizes=\"auto, (max-width: 3240px) 100vw, 3240px\" \/><\/a><\/p>\n","protected":false},"excerpt":{"rendered":"<p>D. 22\/10-2014 blev vores f\u00e6lles antenne nedlagt. Tak for hj\u00e6lpen til Claus S\u00f8rensen &amp; Jan Andreasson p\u00e5 selve dagen til hj\u00e6lp med alt det praktiske. Se billederne Mvh Bestyrelsen<\/p>\n","protected":false},"author":1,"featured_media":0,"comment_status":"closed","ping_status":"open","sticky":false,"template":"","format":"gallery","meta":{"footnotes":""},"categories":[1],"tags":[],"class_list":["post-996","post","type-post","status-publish","format-gallery","hentry","category-uncategorized","post_format-post-format-gallery"],"_links":{"self":[{"href":"http:\/\/grfsletten.dk\/index.php?rest_route=\/wp\/v2\/posts\/996","targetHints":{"allow":["GET"]}}],"collection":[{"href":"http:\/\/grfsletten.dk\/index.php?rest_route=\/wp\/v2\/posts"}],"about":[{"href":"http:\/\/grfsletten.dk\/index.php?rest_route=\/wp\/v2\/types\/post"}],"author":[{"embeddable":true,"href":"http:\/\/grfsletten.dk\/index.php?rest_route=\/wp\/v2\/users\/1"}],"replies":[{"embeddable":true,"href":"http:\/\/grfsletten.dk\/index.php?rest_route=%2Fwp%2Fv2%2Fcomments&post=996"}],"version-history":[{"count":1,"href":"http:\/\/grfsletten.dk\/index.php?rest_route=\/wp\/v2\/posts\/996\/revisions"}],"predecessor-version":[{"id":1003,"href":"http:\/\/grfsletten.dk\/index.php?rest_route=\/wp\/v2\/posts\/996\/revisions\/1003"}],"wp:attachment":[{"href":"http:\/\/grfsletten.dk\/index.php?rest_route=%2Fwp%2Fv2%2Fmedia&parent=996"}],"wp:term":[{"taxonomy":"category","embeddable":true,"href":"http:\/\/grfsletten.dk\/index.php?rest_route=%2Fwp%2Fv2%2Fcategories&post=996"},{"taxonomy":"post_tag","embeddable":true,"href":"http:\/\/grfsletten.dk\/index.php?rest_route=%2Fwp%2Fv2%2Ftags&post=996"}],"curies":[{"name":"wp","href":"https:\/\/api.w.org\/{rel}","templated":true}]}}