{"id":505,"date":"2012-12-26T02:14:04","date_gmt":"2012-12-26T00:14:04","guid":{"rendered":"http:\/\/grfsletten.dk\/?p=505"},"modified":"2013-12-04T01:31:49","modified_gmt":"2013-12-04T00:31:49","slug":"nytarshilsen-2012","status":"publish","type":"post","link":"http:\/\/grfsletten.dk\/?p=505","title":{"rendered":"Nyt\u00e5rshilsen 2012"},"content":{"rendered":"<p><strong>K\u00e6re alle,\u00a0 Gl\u00e6delig Jul\u00a0\u00a0\u00a0\u00a0\u00a0\u00a0\u00a0\u00a0\u00a0\u00a0\u00a0\u00a0\u00a0\u00a0\u00a0\u00a0\u00a0\u00a0\u00a0\u00a0\u00a0\u00a0\u00a0\u00a0\u00a0\u00a0\u00a0\u00a0\u00a0\u00a0\u00a0 december 2012<\/strong><\/p>\n<p><strong>Denne skrivelse er distribueret til alle i vores grundejerforening, til Ellemosegaard og til Andelsboliger Ellesvinget I og II<\/strong><\/p>\n<p>&nbsp;<\/p>\n<p><strong>Vi har som bekendt passeret vintersolhverv, vi er midt i julen og \u00e5rets sidste dag n\u00e6rmer sig.<\/strong><\/p>\n<p><strong>Ogs\u00e5 ved \u00e5rets slutning sidste \u00e5r, var der fredeligt i vores nabolag og det h\u00e5ber vi naturligvis ogs\u00e5 vil v\u00e6re tilf\u00e6ldet i \u00e5r.<\/strong><\/p>\n<p><strong>Der er stadig nogle, der fejrer Nyt\u00e5r med fyrv\u00e6rkeri. Vi opfordrer alle til at passe godt p\u00e5, s\u00e6rligt p\u00e5 b\u00f8rnene, generelt at tage hensyn til hinanden og vi skal g\u00f8re opm\u00e6rksom p\u00e5 politivedt\u00e6gterne. L\u00e6s detaljer p\u00e5<\/strong><\/p>\n<p><strong><a href=\"https:\/\/www.politi.dk\/Nordsjaelland\/da\/loveogrettigheder\/Lokalevedtaegter\/fyrvaerkeri\">https:\/\/www.politi.dk\/Nordsjaelland\/da\/loveogrettigheder\/Lokalevedtaegter\/fyrvaerkeri<\/a><\/strong><\/p>\n<p><strong>Til information kan vi oplyse, at p\u00e5 ejendommen Ellesvinget 6 er staldbygningen forsynet med str\u00e5tag, den ligger mindre end 30 m fra vejen og der er levende dyr i stalden.<\/strong><\/p>\n<p><strong>De der fyrer fyrv\u00e6rkeri af opfordres ligeledes til at rydde op efter sig, s\u00e5 \u00e5ret ikke starter med at batterier, flasker og andet flyder rundt i omr\u00e5det.<\/strong><\/p>\n<p><strong>Det vil v\u00e6re naturligt, at de der bor i omr\u00e5det ogs\u00e5 tager ansvar for bes\u00f8gende g\u00e6ster og vejleder dem.<\/strong><\/p>\n<p><strong>\u00a0<\/strong><\/p>\n<p><strong>Mange tak til alle, Gl\u00e6delig Jul og ha\u2019 en festlig og sikker indgang p\u00e5 det nye \u00e5r<\/strong><\/p>\n<p><strong>Per Car\u00f8e<\/strong><\/p>\n<p><strong>Formand Grundejerforeningen Sletten<\/strong><\/p>\n","protected":false},"excerpt":{"rendered":"<p>nyt\u00e5rshilsen 2012 <a href=\"http:\/\/grfsletten.dk\/?p=505\">L\u00e6s resten <span class=\"meta-nav\">&rarr;<\/span><\/a><\/p>\n","protected":false},"author":1,"featured_media":0,"comment_status":"open","ping_status":"open","sticky":false,"template":"","format":"standard","meta":{"footnotes":""},"categories":[1],"tags":[],"class_list":["post-505","post","type-post","status-publish","format-standard","hentry","category-uncategorized"],"_links":{"self":[{"href":"http:\/\/grfsletten.dk\/index.php?rest_route=\/wp\/v2\/posts\/505","targetHints":{"allow":["GET"]}}],"collection":[{"href":"http:\/\/grfsletten.dk\/index.php?rest_route=\/wp\/v2\/posts"}],"about":[{"href":"http:\/\/grfsletten.dk\/index.php?rest_route=\/wp\/v2\/types\/post"}],"author":[{"embeddable":true,"href":"http:\/\/grfsletten.dk\/index.php?rest_route=\/wp\/v2\/users\/1"}],"replies":[{"embeddable":true,"href":"http:\/\/grfsletten.dk\/index.php?rest_route=%2Fwp%2Fv2%2Fcomments&post=505"}],"version-history":[{"count":1,"href":"http:\/\/grfsletten.dk\/index.php?rest_route=\/wp\/v2\/posts\/505\/revisions"}],"predecessor-version":[{"id":742,"href":"http:\/\/grfsletten.dk\/index.php?rest_route=\/wp\/v2\/posts\/505\/revisions\/742"}],"wp:attachment":[{"href":"http:\/\/grfsletten.dk\/index.php?rest_route=%2Fwp%2Fv2%2Fmedia&parent=505"}],"wp:term":[{"taxonomy":"category","embeddable":true,"href":"http:\/\/grfsletten.dk\/index.php?rest_route=%2Fwp%2Fv2%2Fcategories&post=505"},{"taxonomy":"post_tag","embeddable":true,"href":"http:\/\/grfsletten.dk\/index.php?rest_route=%2Fwp%2Fv2%2Ftags&post=505"}],"curies":[{"name":"wp","href":"https:\/\/api.w.org\/{rel}","templated":true}]}}