{"id":1347,"date":"2017-06-08T20:03:51","date_gmt":"2017-06-08T18:03:51","guid":{"rendered":"http:\/\/grfsletten.dk\/?p=1347"},"modified":"2017-06-14T19:33:38","modified_gmt":"2017-06-14T17:33:38","slug":"juni-2017","status":"publish","type":"post","link":"http:\/\/grfsletten.dk\/?p=1347","title":{"rendered":"Juni 2017"},"content":{"rendered":"<p>Husk vejfest d. 30 Juni kl. 18<\/p>\n<p>Tilmelding til Inge Platzer<\/p>\n<p>*********************************************************<\/p>\n<p>Hej Alle<\/p>\n<p>I dag har\u00a0bestyrelsen p\u00e5 vegne af grundejerforeningen startet vores kampagne i samarbejde med kommunen &#8220;Sammen s\u00e6nker vi farten&#8221;. Alle beboere har i dag modtaget en n\u00f8glering, en informations brochure\u00a0samt et flag.<\/p>\n<p>Flaget er tilt\u00e6nkt til at s\u00e6tte ud i haven ved vejen s\u00e5 vi p\u00e5minder\u00a0alle billister der benytter vores\u00a0vej om at holde \/ s\u00e6nke farten.<\/p>\n<p>Banneren vil v\u00e6re opsat i 14 dage &#8211; se vedh\u00e6ftet billede.<\/p>\n<p>Vi h\u00e5ber I alle vil tage godt imod dette.<\/p>\n<p>Mvh<\/p>\n<p>Bestyrelsen<\/p>\n<p><a href=\"http:\/\/grfsletten.dk\/wp-content\/uploads\/2017\/06\/sammen_s\u00e6nker_vi_farten-e1496945001985.jpeg\"><img loading=\"lazy\" decoding=\"async\" class=\"aligncenter size-large wp-image-1348\" src=\"http:\/\/grfsletten.dk\/wp-content\/uploads\/2017\/06\/sammen_s\u00e6nker_vi_farten-e1496945001985-768x1024.jpeg\" alt=\"\" width=\"640\" height=\"853\" srcset=\"http:\/\/grfsletten.dk\/wp-content\/uploads\/2017\/06\/sammen_s\u00e6nker_vi_farten-e1496945001985-768x1024.jpeg 768w, http:\/\/grfsletten.dk\/wp-content\/uploads\/2017\/06\/sammen_s\u00e6nker_vi_farten-e1496945001985-225x300.jpeg 225w\" sizes=\"auto, (max-width: 640px) 100vw, 640px\" \/><\/a> <a href=\"http:\/\/grfsletten.dk\/wp-content\/uploads\/2017\/06\/Sletten-s\u00e6nk-farten-folder-A5-2017.pdf\">Sletten s\u00e6nk farten folder A5 2017<\/a><\/p>\n","protected":false},"excerpt":{"rendered":"<p>Husk vejfest d. 30 Juni kl. 18 Tilmelding til Inge Platzer ********************************************************* Hej Alle I dag har\u00a0bestyrelsen p\u00e5 vegne af grundejerforeningen startet vores kampagne i samarbejde med kommunen &#8220;Sammen s\u00e6nker vi farten&#8221;. Alle beboere har i dag modtaget en n\u00f8glering, &hellip; <a href=\"http:\/\/grfsletten.dk\/?p=1347\">L\u00e6s resten <span class=\"meta-nav\">&rarr;<\/span><\/a><\/p>\n","protected":false},"author":1,"featured_media":0,"comment_status":"closed","ping_status":"open","sticky":false,"template":"","format":"standard","meta":{"footnotes":""},"categories":[1],"tags":[],"class_list":["post-1347","post","type-post","status-publish","format-standard","hentry","category-uncategorized"],"_links":{"self":[{"href":"http:\/\/grfsletten.dk\/index.php?rest_route=\/wp\/v2\/posts\/1347","targetHints":{"allow":["GET"]}}],"collection":[{"href":"http:\/\/grfsletten.dk\/index.php?rest_route=\/wp\/v2\/posts"}],"about":[{"href":"http:\/\/grfsletten.dk\/index.php?rest_route=\/wp\/v2\/types\/post"}],"author":[{"embeddable":true,"href":"http:\/\/grfsletten.dk\/index.php?rest_route=\/wp\/v2\/users\/1"}],"replies":[{"embeddable":true,"href":"http:\/\/grfsletten.dk\/index.php?rest_route=%2Fwp%2Fv2%2Fcomments&post=1347"}],"version-history":[{"count":2,"href":"http:\/\/grfsletten.dk\/index.php?rest_route=\/wp\/v2\/posts\/1347\/revisions"}],"predecessor-version":[{"id":1353,"href":"http:\/\/grfsletten.dk\/index.php?rest_route=\/wp\/v2\/posts\/1347\/revisions\/1353"}],"wp:attachment":[{"href":"http:\/\/grfsletten.dk\/index.php?rest_route=%2Fwp%2Fv2%2Fmedia&parent=1347"}],"wp:term":[{"taxonomy":"category","embeddable":true,"href":"http:\/\/grfsletten.dk\/index.php?rest_route=%2Fwp%2Fv2%2Fcategories&post=1347"},{"taxonomy":"post_tag","embeddable":true,"href":"http:\/\/grfsletten.dk\/index.php?rest_route=%2Fwp%2Fv2%2Ftags&post=1347"}],"curies":[{"name":"wp","href":"https:\/\/api.w.org\/{rel}","templated":true}]}}